{"id":1395,"date":"2025-06-19T07:17:49","date_gmt":"2025-06-19T05:17:49","guid":{"rendered":"https:\/\/atriabogados.com\/?p=1395"},"modified":"2025-07-03T08:41:46","modified_gmt":"2025-07-03T06:41:46","slug":"garantia-de-los-vehiculos-de-segunda-mano","status":"publish","type":"post","link":"https:\/\/atriabogados.com\/val\/garantia-de-los-vehiculos-de-segunda-mano\/","title":{"rendered":"Garantia dels vehicles de segona m\u00e0"},"content":{"rendered":"<p>La compra d&#039;un vehicle \u00e9s, sovint, una de les inversions m\u00e9s grans que farem a la nostra vida, i segurament diverses vegades.<\/p>\n\n\n\n<p>La crisi econ\u00f2mica actual ha fet que s&#039;acr\u00e9s l&#039;inter\u00e8s pels vehicles de segona m\u00e0, amb un preu molt devaluat, per\u00f2 sense les mateixes garanties que un vehicle nou, per la qual cosa a continuaci\u00f3 detallarem all\u00f2 que cal saber abans de comprar-lo.<\/p>\n\n\n\n<p>Una primera opci\u00f3, \u00e9s la&nbsp;<strong>compra d&#039;un vehicle utilitzat a un concessionari especialitzat<\/strong>. En aquest cas, la garantia m\u00ednima que ens podran oferir per la venda del vehicle ser\u00e0 d&#039;un any, o, si res no s&#039;estableix al respecte al contracte, el per\u00edode de garantia ser\u00e0 de dos anys.<\/p>\n\n\n\n<p>Aix\u00f2 \u00e9s aix\u00ed, ja que es tracta d&#039;una compravenda realitzada amb un professional dedicat a la venda de vehicles usats, per la qual cosa se li aplica la legislaci\u00f3 per a consumidors. I qu\u00e8 suposa aquesta aplicaci\u00f3 per al comprador?<\/p>\n\n\n\n<ol class=\"wp-block-list\">\n<li>Qualsevol \u201cfallada\u201d o problema que es presenti al vehicle dins dels\u00a0<strong>sis mesos posteriors al lliurament<\/strong>es presumeixen existents al moment del lliurament. \u00c9s a dir, d&#039;acord amb la legislaci\u00f3 de Consumidors, s&#039;entendr\u00e0 que les fallades que sorgeixin durant els sis primers mesos ja existien abans del lliurament (tot aix\u00f2, llevat que el venedor provi el contrari).<\/li>\n<\/ol>\n\n\n\n<p>Ara b\u00e9, haurem d&#039;informar el venedor d&#039;aquestes fallades en un termini m\u00e0xim de&nbsp;<strong>dos mesos<\/strong>.<\/p>\n\n\n\n<ol class=\"wp-block-list\">\n<li>Transcorreguts els sis mesos i fins al final de la garantia (fins a l&#039;any o el per\u00edode que es pacti a la compravenda), ser\u00e0 el consumidor el que haur\u00e0 de provar que aquestes fallades ja existien abans de la compravenda.<\/li>\n<\/ol>\n\n\n\n<p>Per a la correcta aplicaci\u00f3 de l&#039;anterior, resulta convenient con\u00e8ixer qu\u00e8 \u00e9s una \u201cfallada\u201d al vehicle. Les fallades s\u00f3n una falta de conformitat, \u00e9s a dir, all\u00f2 que quan passa ens fa no estar d&#039;acord amb el que se&#039;ns ha lliurat, perqu\u00e8 no serveix per all\u00f2 que ho comprem o perqu\u00e8 no \u00e9s el que vol\u00edem&nbsp;<em>(s&#039;ent\u00e9n amb una expressi\u00f3 molt gr\u00e0fica: \u201cdonar gat per llebre\u201d).&nbsp;<\/em>Es considera&nbsp;<strong>manca de conformitat<\/strong>&nbsp;quan el vehicle:<\/p>\n\n\n\n<ol class=\"wp-block-list\">\n<li>a) No s&#039;ajusta a la descripci\u00f3 del venedor.<\/li>\n\n\n\n<li>b) No presenta les qualitats promeses.<\/li>\n\n\n\n<li>c) No serveixi a un \u00fas especial que preten\u00edem donar-li, si aix\u00ed ho vam fer saber al venedor.<\/li>\n\n\n\n<li>d) No funcioni.<\/li>\n<\/ol>\n\n\n\n<p>Posem-ne alguns exemples:&nbsp;<em>adquirim un vehicle de segona m\u00e0 a un concessionari especialitzat, i aquest ens descriu el vehicle com un di\u00e8sel de 100 cv i resulta ser un vehicle de benzina i\/o amb una pot\u00e8ncia diferent<\/em>, estem davant d&#039;una falta de conformitat;&nbsp;<em>el cas en qu\u00e8 expressem al venedor que necessitem un vehicle per remolcar una caravana, i se&#039;ns ven un vehicle sense la pot\u00e8ncia necess\u00e0ria per fer-ho<\/em>, tamb\u00e9 en aquest sup\u00f2sit, hi hauria manca de conformitat.<\/p>\n\n\n\n<p>Tinc una manca de conformitat qu\u00e8 faig?<\/p>\n\n\n\n<p>En primer lloc, ens hem d&#039;assegurar que la manca de conformitat s&#039;hagi donat dins del per\u00edode de garantia.<\/p>\n\n\n\n<p>Si \u00e9s aix\u00ed, podrem exigir-ne la seva&nbsp;<strong>reparaci\u00f3 o adequaci\u00f3<\/strong>&nbsp;a les nostres necessitats. Durant aquesta reparaci\u00f3, el termini de garantia se susp\u00e8n, i, a m\u00e9s, aquesta reparaci\u00f3 genera un nou termini de garantia de sis mesos per les peces instal\u00b7lades, errors similars o id\u00e8ntics.<\/p>\n\n\n\n<p>Finalment, si despr\u00e9s de la reparaci\u00f3 el vehicle segueix sense adequar-se a la descripci\u00f3 del venedor oa les nostres necessitats originals, o si la reparaci\u00f3 \u00e9s desproporcionada, podrem exigir-ne una&nbsp;<strong>rebaixa en el preu que paguem,<\/strong>&nbsp;i com a \u00faltima opci\u00f3, la&nbsp;<strong>resoluci\u00f3 del contracte<\/strong>, \u00e9s a dir, la devoluci\u00f3 del vehicle amb la restituci\u00f3 del preu.<\/p>\n\n\n\n<p>Una altra opci\u00f3 \u00e9s la&nbsp;<strong>compra a un particular.&nbsp;<\/strong>La compravenda entre particulars no est\u00e0 regulada per la legislaci\u00f3 de consumidors, sin\u00f3 pel codi civil, de manera que tot el que s&#039;ha exposat anteriorment no \u00e9s aplicable.<\/p>\n\n\n\n<p>La compra d&#039;un vehicle a un particular requereix del comprador m\u00e9s cura i dilig\u00e8ncia, de manera que caldr\u00e0 fer una revisi\u00f3 o inspecci\u00f3 del vehicle per detectar totes aquelles fallades i avaries que el vehicle pogu\u00e9s tenir.<\/p>\n\n\n\n<p>En cas que el vehicle present\u00e9s avaries o errors despr\u00e9s de la compra que no vam poder detectar per estar ocults o per ser problemes mec\u00e0nics de dif\u00edcil esbrinament, no estem completament desprotegits. Aquest tipus d&#039;avaries dif\u00edcils de detectar s\u00f3n tractades a la llei com a \u201cvicis ocults\u201d.<\/p>\n\n\n\n<p>Conv\u00e9 distingir tres sup\u00f2sits:<\/p>\n\n\n\n<p><strong>1) Avaries o errors evidents, o tots aquells que es van poder descobrir en el moment de la compravenda.<\/strong><\/p>\n\n\n\n<p>No podem aplicar el que hem dit per a la compravenda en concessionaris, estem davant d&#039;un contracte entre particulars, per la qual cosa no hi ha protecci\u00f3 per a aquest tipus d&#039;errors, llevat, com ens hem referit anteriorment, la inspecci\u00f3 pr\u00e8via del vehicle. Els compradors tenim un deure de dilig\u00e8ncia m\u00e9s gran, i per aix\u00f2 \u00e9s important examinar correctament el vehicle, per saber qu\u00e8 estem comprant.<\/p>\n\n\n\n<p><strong>2) Avaries, errades i inconvenients ocults que sorgeixen durant els sis primers mesos.<\/strong><\/p>\n\n\n\n<p>Si el comprador, en el termini de sis mesos descobreix una avaria, fallada o qualsevol qualitat inconvenient que no va poder ser descoberta en el moment de la compravenda, podr\u00e0:<\/p>\n\n\n\n<ol class=\"wp-block-list\">\n<li>a) Resoldre el contracte, retornant el vehicle, a canvi del preu que va pagar per ell, m\u00e9s aquelles inversions que el comprador va realitzar al vehicle i li atorguen m\u00e9s valor (si \u00e9s el cas); o,<\/li>\n\n\n\n<li>b) Obtenir una rebaixa en el preu.<\/li>\n<\/ol>\n\n\n\n<p>Perqu\u00e8 puguem exigir la devoluci\u00f3 o la rebaixa, s&#039;han de complir tres requisits:<\/p>\n\n\n\n<p>1.-<strong>El vici ha de ser ocult<\/strong>, \u00e9s a dir, no conegut ni f\u00e0cilment reconeixible pel comprador; es t\u00e9 en compte si la persona del comprador \u00e9s un p\u00e8rit que, per ra\u00f3 del seu ofici o professi\u00f3, els havia de con\u00e8ixer f\u00e0cilment, eximint en aquest cas de responsabilitat el venedor.<\/p>\n\n\n\n<p>2.-<strong>El vici ha de ser preexistent a la venda<\/strong>, \u00e9s a dir, que ja exist\u00eds quan es va comprar el vehicle.<\/p>\n\n\n\n<p>3.-<strong>El vici ha de ser greu<\/strong>; cal que el defecte comporti certa import\u00e0ncia, \u00e9s a dir, \u00fanicament es tindr\u00e0 en compte, respecte al vehicle venut, \u201csi ho fa impropi per a l&#039;\u00fas a qu\u00e8 se&#039;l destina, o si disminueix de tal manera aquest \u00fas que, si els hagu\u00e9s conegut el comprador, no l&#039;hauria adquirit o hauria donat menys preu per ell\u201d.<\/p>\n\n\n\n<p>El termini per exigir la devoluci\u00f3 o la rebaixa al particular que ens va vendre el vehicle \u00e9s de&nbsp;<strong>sis mesos<\/strong>, termini que podem interrompre amb l&#039;enviament d&#039;un burofax, reclamant els costos de reparaci\u00f3 o devoluci\u00f3.<\/p>\n\n\n\n<p><strong>&nbsp;&nbsp;3) Avaries, fallades i inconvenients ocults que sorgeixen durant els sis primers mesos.<\/strong><\/p>\n\n\n\n<p>Despr\u00e9s d&#039;aquest termini, les nostres opcions de reclamar seran pr\u00e0cticament nul\u00b7les, i nom\u00e9s en casos molt taxats podrem acudir a una responsabilitat civil derivada d&#039;un incompliment del contracte.<\/p>\n\n\n\n<p>Per acabar, nom\u00e9s recordar aquells que vulguin adquirir un vehicle usat, b\u00e9 a un concessionari, b\u00e9 a un particular, que a m\u00e9s de fer-li una revisi\u00f3 ser\u00e0 convenient que ens consti tot per escrit (descripci\u00f3 del vehicle, documentaci\u00f3 d&#039;aquest, c\u00f2pia del contracte de compravenda, exist\u00e8ncia d&#039;embargaments o altres c\u00e0rregues\u2026) i supervisar que els tr\u00e0mits de canvi de titularitat.<\/p>","protected":false},"excerpt":{"rendered":"<p>La compra de un veh\u00edculo es, a menudo, una de las mayores inversiones que realizaremos en nuestra vida, y seguramente diversas veces. La crisis econ\u00f3mica actual ha hecho que se acreciente el inter\u00e9s por los veh\u00edculos de segunda mano, con un precio muy devaluado, pero sin las mismas garant\u00edas que un veh\u00edculo nuevo, por lo [&hellip;]<\/p>\n","protected":false},"author":1,"featured_media":1396,"comment_status":"open","ping_status":"open","sticky":false,"template":"","format":"standard","meta":{"site-sidebar-layout":"default","site-content-layout":"","ast-site-content-layout":"default","site-content-style":"default","site-sidebar-style":"default","ast-global-header-display":"","ast-banner-title-visibility":"","ast-main-header-display":"","ast-hfb-above-header-display":"","ast-hfb-below-header-display":"","ast-hfb-mobile-header-display":"","site-post-title":"","ast-breadcrumbs-content":"","ast-featured-img":"","footer-sml-layout":"","ast-disable-related-posts":"","theme-transparent-header-meta":"","adv-header-id-meta":"","stick-header-meta":"","header-above-stick-meta":"","header-main-stick-meta":"","header-below-stick-meta":"","astra-migrate-meta-layouts":"set","ast-page-background-enabled":"default","ast-page-background-meta":{"desktop":{"background-color":"","background-image":"","background-repeat":"repeat","background-position":"center center","background-size":"auto","background-attachment":"scroll","background-type":"","background-media":"","overlay-type":"","overlay-color":"","overlay-opacity":"","overlay-gradient":""},"tablet":{"background-color":"","background-image":"","background-repeat":"repeat","background-position":"center center","background-size":"auto","background-attachment":"scroll","background-type":"","background-media":"","overlay-type":"","overlay-color":"","overlay-opacity":"","overlay-gradient":""},"mobile":{"background-color":"","background-image":"","background-repeat":"repeat","background-position":"center center","background-size":"auto","background-attachment":"scroll","background-type":"","background-media":"","overlay-type":"","overlay-color":"","overlay-opacity":"","overlay-gradient":""}},"ast-content-background-meta":{"desktop":{"background-color":"var(--ast-global-color-5)","background-image":"","background-repeat":"repeat","background-position":"center center","background-size":"auto","background-attachment":"scroll","background-type":"","background-media":"","overlay-type":"","overlay-color":"","overlay-opacity":"","overlay-gradient":""},"tablet":{"background-color":"var(--ast-global-color-5)","background-image":"","background-repeat":"repeat","background-position":"center center","background-size":"auto","background-attachment":"scroll","background-type":"","background-media":"","overlay-type":"","overlay-color":"","overlay-opacity":"","overlay-gradient":""},"mobile":{"background-color":"var(--ast-global-color-5)","background-image":"","background-repeat":"repeat","background-position":"center center","background-size":"auto","background-attachment":"scroll","background-type":"","background-media":"","overlay-type":"","overlay-color":"","overlay-opacity":"","overlay-gradient":""}},"_joinchat":[],"footnotes":""},"categories":[12],"tags":[],"class_list":["post-1395","post","type-post","status-publish","format-standard","has-post-thumbnail","hentry","category-noticias"],"_links":{"self":[{"href":"https:\/\/atriabogados.com\/val\/wp-json\/wp\/v2\/posts\/1395","targetHints":{"allow":["GET"]}}],"collection":[{"href":"https:\/\/atriabogados.com\/val\/wp-json\/wp\/v2\/posts"}],"about":[{"href":"https:\/\/atriabogados.com\/val\/wp-json\/wp\/v2\/types\/post"}],"author":[{"embeddable":true,"href":"https:\/\/atriabogados.com\/val\/wp-json\/wp\/v2\/users\/1"}],"replies":[{"embeddable":true,"href":"https:\/\/atriabogados.com\/val\/wp-json\/wp\/v2\/comments?post=1395"}],"version-history":[{"count":1,"href":"https:\/\/atriabogados.com\/val\/wp-json\/wp\/v2\/posts\/1395\/revisions"}],"predecessor-version":[{"id":1397,"href":"https:\/\/atriabogados.com\/val\/wp-json\/wp\/v2\/posts\/1395\/revisions\/1397"}],"wp:featuredmedia":[{"embeddable":true,"href":"https:\/\/atriabogados.com\/val\/wp-json\/wp\/v2\/media\/1396"}],"wp:attachment":[{"href":"https:\/\/atriabogados.com\/val\/wp-json\/wp\/v2\/media?parent=1395"}],"wp:term":[{"taxonomy":"category","embeddable":true,"href":"https:\/\/atriabogados.com\/val\/wp-json\/wp\/v2\/categories?post=1395"},{"taxonomy":"post_tag","embeddable":true,"href":"https:\/\/atriabogados.com\/val\/wp-json\/wp\/v2\/tags?post=1395"}],"curies":[{"name":"wp","href":"https:\/\/api.w.org\/{rel}","templated":true}]}}